{"id":2964,"date":"2026-04-29T13:52:36","date_gmt":"2026-04-29T16:52:36","guid":{"rendered":"https:\/\/cedite.facet.unt.edu.ar\/?p=2964"},"modified":"2026-04-29T14:26:58","modified_gmt":"2026-04-29T17:26:58","slug":"herramientas-avanzadas-para-aulas-virtuales","status":"publish","type":"post","link":"https:\/\/cedite.facet.unt.edu.ar\/?p=2964","title":{"rendered":"Herramientas Avanzadas para Aulas Virtuales"},"content":{"rendered":"\t\t<div data-elementor-type=\"wp-post\" data-elementor-id=\"2964\" class=\"elementor elementor-2964\">\n\t\t\t\t<div class=\"elementor-element elementor-element-32eca38 e-flex e-con-boxed e-con e-parent\" data-id=\"32eca38\" data-element_type=\"container\" data-e-type=\"container\">\n\t\t\t\t\t<div class=\"e-con-inner\">\n\t\t\t\t<div class=\"elementor-element elementor-element-9e497d6 elementor-widget elementor-widget-text-editor\" data-id=\"9e497d6\" data-element_type=\"widget\" data-e-type=\"widget\" data-widget_type=\"text-editor.default\">\n\t\t\t\t<div class=\"elementor-widget-container\">\n\t\t\t\t\t\t\t\t\t<h2><span style=\"color: #000000;\">Descripci\u00f3n<\/span><\/h2><h2>\u00a0<\/h2><p><span style=\"color: #000000;\"><span style=\"font-size: 16px;\">El curso\u00a0<\/span><strong style=\"font-size: 16px;\">&#8220;Herramientas Avanzadas para Aulas Virtuales&#8221;<\/strong><span style=\"font-size: 16px;\"> est\u00e1 destinado a docentes que ya cuentan con conocimientos b\u00e1sicos de Moodle y buscan profundizar en el uso de herramientas m\u00e1s complejas y potentes. Se abordan la evaluaci\u00f3n procesual, el trabajo colaborativo, la producci\u00f3n de materiales interactivos y el seguimiento detallado de estudiantes, con una mirada centrada en la calidad pedag\u00f3gica de la educaci\u00f3n a distancia.<\/span><\/span><\/p><p><span style=\"color: #000000;\">\u00a0<\/span><\/p><h2><span style=\"color: #000000;\">\u00bfA qui\u00e9n est\u00e1 dirigido?<\/span><\/h2><div><span style=\"color: #000000;\">\u00a0<\/span><\/div><p><span style=\"color: #000000;\">Docentes graduados de la UNT y docentes externos\u00a0<span style=\"font-size: 16px;\">que ya posean conocimientos b\u00e1sicos de la plataforma Moodle.<\/span><\/span><\/p><h2><span style=\"color: #000000;\">\u00a0<\/span><\/h2><h2><span style=\"color: #000000;\">Objetivos<\/span><\/h2><p>\u00a0<\/p><ul><li><span style=\"color: #000000;\">Comprender los alcances y potencialidades de una gesti\u00f3n avanzada de aulas virtuales para la educaci\u00f3n superior.<\/span><\/li><li><span style=\"color: #000000;\">Conocer las nuevas prestaciones y herramientas disponibles en la plataforma virtual y sus aplicaciones pedag\u00f3gicas optimizadas.<\/span><\/li><li><span style=\"color: #000000;\">Dise\u00f1ar, planificar e implementar diversas instancias evaluativas en el marco de la evaluaci\u00f3n procesual.<\/span><\/li><li><span style=\"color: #000000;\">Elaborar material interactivo incrustado en el Aula Virtual.<\/span><\/li><li><span style=\"color: #000000;\">Comprender las implicancias del seguimiento de alumnos y el manejo del Calificador.<\/span><\/li><\/ul><h2>\u00a0<\/h2><h2><span style=\"color: #000000;\">Contenidos<\/span><\/h2><div><span style=\"color: #000000;\">\u00a0<\/span><\/div><div><ul><li class=\"whitespace-normal break-words pl-2\"><span style=\"color: #000000;\">Trabajo colaborativo: grupos, agrupamientos y secuenciaci\u00f3n de actividades con restricciones de acceso.<\/span><\/li><li class=\"whitespace-normal break-words pl-2\"><span style=\"color: #000000;\">Evaluaci\u00f3n con r\u00fabricas, instancias y procesos. Uso de r\u00fabricas en la actividad Tarea.<\/span><\/li><li class=\"whitespace-normal break-words pl-2\"><span style=\"color: #000000;\">Contenidos interactivos: la actividad Lecci\u00f3n de Moodle.<\/span><\/li><li class=\"whitespace-normal break-words pl-2\"><span style=\"color: #000000;\">Co-evaluaci\u00f3n en entornos virtuales: el Taller de Moodle.<\/span><\/li><li class=\"whitespace-normal break-words pl-2\"><span style=\"color: #000000;\">Seguimiento de estudiantes: Informes y administraci\u00f3n del Calificador.<\/span><\/li><\/ul><span style=\"color: #000000;\">\u00a0<\/span><\/div><h2><span style=\"color: #000000;\">Datos del curso<\/span><\/h2><div><span style=\"color: #000000;\">\u00a0<\/span><\/div><ul><li><span style=\"color: #000000;\">Duraci\u00f3n: 80hs<\/span><\/li><li><span style=\"color: #000000;\">Modalidad: Virtual con clases grabadas<\/span><\/li><li><span style=\"color: #000000;\">Plataforma: FACETVirtual (Moodle)<\/span><\/li><\/ul><p><!-- \/wp:paragraph --><!-- wp:image {\"id\":2848,\"sizeSlug\":\"large\",\"linkDestination\":\"none\"} --><\/p><figure><\/figure><p><!-- \/wp:image --><\/p>\t\t\t\t\t\t\t\t<\/div>\n\t\t\t\t<\/div>\n\t\t<div class=\"elementor-element elementor-element-85fc56f e-con-full e-flex e-con e-child\" data-id=\"85fc56f\" data-element_type=\"container\" data-e-type=\"container\">\n\t\t\t\t<div class=\"elementor-element elementor-element-da66ea5 elementor-widget elementor-widget-button\" data-id=\"da66ea5\" data-element_type=\"widget\" data-e-type=\"widget\" data-widget_type=\"button.default\">\n\t\t\t\t<div class=\"elementor-widget-container\">\n\t\t\t\t\t\t\t\t\t<div class=\"elementor-button-wrapper\">\n\t\t\t\t\t<a class=\"elementor-button elementor-button-link elementor-size-sm\" href=\"https:\/\/cedite.facet.unt.edu.ar\/?page_id=2843\">\n\t\t\t\t\t\t<span class=\"elementor-button-content-wrapper\">\n\t\t\t\t\t\t\t\t\t<span class=\"elementor-button-text\">Regresar<\/span>\n\t\t\t\t\t<\/span>\n\t\t\t\t\t<\/a>\n\t\t\t\t<\/div>\n\t\t\t\t\t\t\t\t<\/div>\n\t\t\t\t<\/div>\n\t\t\t\t<\/div>\n\t\t\t\t\t<\/div>\n\t\t\t\t<\/div>\n\t\t\t\t<\/div>\n\t\t","protected":false},"excerpt":{"rendered":"<p>Descripci\u00f3n \u00a0 El curso\u00a0&#8220;Herramientas Avanzadas para Aulas Virtuales&#8221; est\u00e1 destinado a docentes que ya cuentan con conocimientos b\u00e1sicos de Moodle y buscan profundizar en el uso de herramientas m\u00e1s complejas y potentes. Se abordan la evaluaci\u00f3n procesual, el trabajo colaborativo, la producci\u00f3n de materiales interactivos y el seguimiento detallado de estudiantes, con una mirada centrada [&hellip;]<\/p>\n","protected":false},"author":1,"featured_media":0,"comment_status":"closed","ping_status":"open","sticky":false,"template":"","format":"standard","meta":{"_vp_format_video_url":"","_vp_image_focal_point":[],"footnotes":""},"categories":[1],"tags":[],"class_list":["post-2964","post","type-post","status-publish","format-standard","hentry","category-sin-categoria"],"_links":{"self":[{"href":"https:\/\/cedite.facet.unt.edu.ar\/index.php?rest_route=\/wp\/v2\/posts\/2964","targetHints":{"allow":["GET"]}}],"collection":[{"href":"https:\/\/cedite.facet.unt.edu.ar\/index.php?rest_route=\/wp\/v2\/posts"}],"about":[{"href":"https:\/\/cedite.facet.unt.edu.ar\/index.php?rest_route=\/wp\/v2\/types\/post"}],"author":[{"embeddable":true,"href":"https:\/\/cedite.facet.unt.edu.ar\/index.php?rest_route=\/wp\/v2\/users\/1"}],"replies":[{"embeddable":true,"href":"https:\/\/cedite.facet.unt.edu.ar\/index.php?rest_route=%2Fwp%2Fv2%2Fcomments&post=2964"}],"version-history":[{"count":7,"href":"https:\/\/cedite.facet.unt.edu.ar\/index.php?rest_route=\/wp\/v2\/posts\/2964\/revisions"}],"predecessor-version":[{"id":2984,"href":"https:\/\/cedite.facet.unt.edu.ar\/index.php?rest_route=\/wp\/v2\/posts\/2964\/revisions\/2984"}],"wp:attachment":[{"href":"https:\/\/cedite.facet.unt.edu.ar\/index.php?rest_route=%2Fwp%2Fv2%2Fmedia&parent=2964"}],"wp:term":[{"taxonomy":"category","embeddable":true,"href":"https:\/\/cedite.facet.unt.edu.ar\/index.php?rest_route=%2Fwp%2Fv2%2Fcategories&post=2964"},{"taxonomy":"post_tag","embeddable":true,"href":"https:\/\/cedite.facet.unt.edu.ar\/index.php?rest_route=%2Fwp%2Fv2%2Ftags&post=2964"}],"curies":[{"name":"wp","href":"https:\/\/api.w.org\/{rel}","templated":true}]}}